{"id":5292,"date":"2022-07-01T13:58:00","date_gmt":"2022-07-01T13:58:00","guid":{"rendered":"https:\/\/galens.rs\/u-potrazi-ste-za-poslovnim-prostorom-u-novom-sadu\/"},"modified":"2022-07-19T07:41:13","modified_gmt":"2022-07-19T07:41:13","slug":"u-potrazi-ste-za-poslovnim-prostorom-u-novom-sadu","status":"publish","type":"post","link":"https:\/\/galens.rs\/ru\/u-potrazi-ste-za-poslovnim-prostorom-u-novom-sadu\/","title":{"rendered":"U potrazi ste za poslovnim prostorom u Novom Sadu?"},"content":{"rendered":"\n<p>Odaberite idealan poslovni prostor po meri svojih poslovnih ciljeva. Olak\u0161ajte ovaj proces odabirom dobrog radnog okru\u017eenja, koje lokacijom i kvalitetom pogoduje i zaposlenima i klijentima.Kompanija Galens Invest nudi poslovni prostor na nekoliko atraktivnih lokacija u gradu, u na\u0161im kompleksima: Gunduli\u0107eva, Pasent, Regent i Avenija Garden Residene. Ukoliko Vam je potreban prostor koji savr\u0161eno odgovara Va\u0161im poslovnim potrebama, pogledajte na\u0161u trenutnu ponudu i za sve dodatne informacije kontaktirajte slu\u017ebu prodaje.<\/p>\n\n\n<ul id=\"block-7ecb1ab4-5e46-435d-ac9e-0f902f62e3ec\" class=\"block-editor-rich-text__editable block-editor-block-list__block wp-block is-selected wp-block-list rich-text\" tabindex=\"0\" role=\"group\" contenteditable=\"true\" aria-multiline=\"true\" aria-label=\"\u0411\u043b\u043e\u043a: \u0421\u043f\u0438\u0441\u0430\u043a\" data-block=\"7ecb1ab4-5e46-435d-ac9e-0f902f62e3ec\" data-type=\"core\/list\" data-title=\"\u0421\u043f\u0438\u0441\u0430\u043a\"><\/ul>\n<ul class=\"aktueln-pdf\">\n<li><a style=\"border: 1px solid #f47920; margin-top: 15px;\" href=\"https:\/\/galens.rs\/wp-content\/uploads\/2022\/06\/Gundulic\u0301eva-1-2.pdf\">Preuzmite PDF<\/a>GUNDULI\u0106EVA 1-2<\/li>\n<li><a style=\"border: 1px solid #f47920; margin-top: 15px;\" href=\"\/wp-content\/uploads\/2022\/06\/Pasent.pdf\">Preuzmite PDF<\/a>PASENT &#8212; &nbsp;LOKAL 9<\/li>\n<li><a style=\"border: 1px solid #f47920; margin-top: 15px;\" href=\"\/wp-content\/uploads\/2022\/06\/Regent-2.pdf\">Preuzmite PDF<\/a> <a style=\"border: 1px solid #f47920; margin-top: 15px; margin-bottom: 10px;\" href=\"\/wp-content\/uploads\/2022\/06\/Regent-1.pdf\">Preuzmite PDF<\/a><br>\n<h4 style=\"margin-bottom: 20px;\">REGENT \u2013 PRIZEMLJE I LOKAL<\/h4>\n<\/li>\n<li><a style=\"border: 1px solid #f47920; margin-top: 15px;\" href=\"\/wp-content\/uploads\/2022\/06\/Avenija-1.pdf\">Preuzmite PDF<\/a> <a style=\"border: 1px solid #f47920; margin-top: 15px;\" href=\"\/wp-content\/uploads\/2022\/06\/Avenija-2.pdf\">Preuzmite PDF<\/a> <a style=\"border: 1px solid #f47920; margin-top: 15px;\" href=\"\/wp-content\/uploads\/2022\/06\/Avenija-3.pdf\">Preuzmite PDF<\/a>AVENIJA 2 \u2013 PRIZEMLJE I GALERIJA &#8212; LAMELA 1, LOKAL 4<\/li>\n<\/ul>\n\n\n<p><\/p>\n","protected":false},"excerpt":{"rendered":"<p>Odaberite idealan poslovni prostor po meri svojih poslovnih ciljeva. Olak\u0161ajte ovaj proces odabirom dobrog radnog okru\u017eenja, koje lokacijom i kvalitetom pogoduje i zaposlenima i klijentima.Kompanija [&hellip;]<\/p>\n","protected":false},"author":1,"featured_media":5057,"comment_status":"open","ping_status":"open","sticky":false,"template":"","format":"standard","meta":{"_acf_changed":false,"footnotes":""},"categories":[40],"tags":[],"class_list":["post-5292","post","type-post","status-publish","format-standard","has-post-thumbnail","hentry","category-bez-kategorii"],"acf":[],"yoast_head":"<!-- This site is optimized with the Yoast SEO plugin v24.3 - https:\/\/yoast.com\/wordpress\/plugins\/seo\/ -->\n<title>U potrazi ste za poslovnim prostorom u Novom Sadu? - Galens Invest<\/title>\n<meta name=\"robots\" content=\"index, follow, max-snippet:-1, max-image-preview:large, max-video-preview:-1\" \/>\n<link rel=\"canonical\" href=\"https:\/\/galens.rs\/u-potrazi-za-poslovnim-prostorom-u-novom-sadu\/\" \/>\n<meta property=\"og:locale\" content=\"ru_RU\" \/>\n<meta property=\"og:type\" content=\"article\" \/>\n<meta property=\"og:title\" content=\"U potrazi ste za poslovnim prostorom u Novom Sadu? - Galens Invest\" \/>\n<meta property=\"og:description\" content=\"Odaberite idealan poslovni prostor po meri svojih poslovnih ciljeva. Olak\u0161ajte ovaj proces odabirom dobrog radnog okru\u017eenja, koje lokacijom i kvalitetom pogoduje i zaposlenima i klijentima.Kompanija [&hellip;]\" \/>\n<meta property=\"og:url\" content=\"https:\/\/galens.rs\/u-potrazi-za-poslovnim-prostorom-u-novom-sadu\/\" \/>\n<meta property=\"og:site_name\" content=\"Galens Invest\" \/>\n<meta property=\"article:published_time\" content=\"2022-07-01T13:58:00+00:00\" \/>\n<meta property=\"article:modified_time\" content=\"2022-07-19T07:41:13+00:00\" \/>\n<meta property=\"og:image\" content=\"https:\/\/galens.rs\/wp-content\/uploads\/2020\/08\/Avenija-Garden-Residence-2-min-2.jpg\" \/>\n\t<meta property=\"og:image:width\" content=\"1366\" \/>\n\t<meta property=\"og:image:height\" content=\"910\" \/>\n\t<meta property=\"og:image:type\" content=\"image\/jpeg\" \/>\n<meta name=\"author\" content=\"stefan\" \/>\n<meta name=\"twitter:card\" content=\"summary_large_image\" \/>\n<meta name=\"twitter:label1\" content=\"Written by\" \/>\n\t<meta name=\"twitter:data1\" content=\"stefan\" \/>\n\t<meta name=\"twitter:label2\" content=\"Est. reading time\" \/>\n\t<meta name=\"twitter:data2\" content=\"1 \u043c\u0438\u043d\u0443\u0442\u0430\" \/>\n<script type=\"application\/ld+json\" class=\"yoast-schema-graph\">{\"@context\":\"https:\/\/schema.org\",\"@graph\":[{\"@type\":\"WebPage\",\"@id\":\"https:\/\/galens.rs\/u-potrazi-za-poslovnim-prostorom-u-novom-sadu\/\",\"url\":\"https:\/\/galens.rs\/u-potrazi-za-poslovnim-prostorom-u-novom-sadu\/\",\"name\":\"U potrazi ste za poslovnim prostorom u Novom Sadu? - Galens Invest\",\"isPartOf\":{\"@id\":\"https:\/\/galens.rs\/#website\"},\"primaryImageOfPage\":{\"@id\":\"https:\/\/galens.rs\/u-potrazi-za-poslovnim-prostorom-u-novom-sadu\/#primaryimage\"},\"image\":{\"@id\":\"https:\/\/galens.rs\/u-potrazi-za-poslovnim-prostorom-u-novom-sadu\/#primaryimage\"},\"thumbnailUrl\":\"https:\/\/galens.rs\/wp-content\/uploads\/2020\/08\/Avenija-Garden-Residence-2-min-2.jpg\",\"datePublished\":\"2022-07-01T13:58:00+00:00\",\"dateModified\":\"2022-07-19T07:41:13+00:00\",\"author\":{\"@id\":\"https:\/\/galens.rs\/#\/schema\/person\/725f5f9c37c03a9f7a419d616f3d26dc\"},\"breadcrumb\":{\"@id\":\"https:\/\/galens.rs\/u-potrazi-za-poslovnim-prostorom-u-novom-sadu\/#breadcrumb\"},\"inLanguage\":\"ru-RU\",\"potentialAction\":[{\"@type\":\"ReadAction\",\"target\":[\"https:\/\/galens.rs\/u-potrazi-za-poslovnim-prostorom-u-novom-sadu\/\"]}]},{\"@type\":\"ImageObject\",\"inLanguage\":\"ru-RU\",\"@id\":\"https:\/\/galens.rs\/u-potrazi-za-poslovnim-prostorom-u-novom-sadu\/#primaryimage\",\"url\":\"https:\/\/galens.rs\/wp-content\/uploads\/2020\/08\/Avenija-Garden-Residence-2-min-2.jpg\",\"contentUrl\":\"https:\/\/galens.rs\/wp-content\/uploads\/2020\/08\/Avenija-Garden-Residence-2-min-2.jpg\",\"width\":1366,\"height\":910},{\"@type\":\"BreadcrumbList\",\"@id\":\"https:\/\/galens.rs\/u-potrazi-za-poslovnim-prostorom-u-novom-sadu\/#breadcrumb\",\"itemListElement\":[{\"@type\":\"ListItem\",\"position\":1,\"name\":\"\u0414\u043e\u043c\",\"item\":\"https:\/\/galens.rs\/ru\/\"},{\"@type\":\"ListItem\",\"position\":2,\"name\":\"U potrazi ste za poslovnim prostorom u Novom Sadu?\"}]},{\"@type\":\"WebSite\",\"@id\":\"https:\/\/galens.rs\/#website\",\"url\":\"https:\/\/galens.rs\/\",\"name\":\"Galens Invest\",\"description\":\"\",\"potentialAction\":[{\"@type\":\"SearchAction\",\"target\":{\"@type\":\"EntryPoint\",\"urlTemplate\":\"https:\/\/galens.rs\/?s={search_term_string}\"},\"query-input\":{\"@type\":\"PropertyValueSpecification\",\"valueRequired\":true,\"valueName\":\"search_term_string\"}}],\"inLanguage\":\"ru-RU\"},{\"@type\":\"Person\",\"@id\":\"https:\/\/galens.rs\/#\/schema\/person\/725f5f9c37c03a9f7a419d616f3d26dc\",\"name\":\"stefan\",\"url\":\"https:\/\/galens.rs\/ru\/author\/stefan\/\"}]}<\/script>\n<!-- \/ Yoast SEO plugin. -->","yoast_head_json":{"title":"U potrazi ste za poslovnim prostorom u Novom Sadu? - Galens Invest","robots":{"index":"index","follow":"follow","max-snippet":"max-snippet:-1","max-image-preview":"max-image-preview:large","max-video-preview":"max-video-preview:-1"},"canonical":"https:\/\/galens.rs\/u-potrazi-za-poslovnim-prostorom-u-novom-sadu\/","og_locale":"ru_RU","og_type":"article","og_title":"U potrazi ste za poslovnim prostorom u Novom Sadu? - Galens Invest","og_description":"Odaberite idealan poslovni prostor po meri svojih poslovnih ciljeva. Olak\u0161ajte ovaj proces odabirom dobrog radnog okru\u017eenja, koje lokacijom i kvalitetom pogoduje i zaposlenima i klijentima.Kompanija [&hellip;]","og_url":"https:\/\/galens.rs\/u-potrazi-za-poslovnim-prostorom-u-novom-sadu\/","og_site_name":"Galens Invest","article_published_time":"2022-07-01T13:58:00+00:00","article_modified_time":"2022-07-19T07:41:13+00:00","og_image":[{"width":1366,"height":910,"url":"https:\/\/galens.rs\/wp-content\/uploads\/2020\/08\/Avenija-Garden-Residence-2-min-2.jpg","type":"image\/jpeg"}],"author":"stefan","twitter_card":"summary_large_image","twitter_misc":{"Written by":"stefan","Est. reading time":"1 \u043c\u0438\u043d\u0443\u0442\u0430"},"schema":{"@context":"https:\/\/schema.org","@graph":[{"@type":"WebPage","@id":"https:\/\/galens.rs\/u-potrazi-za-poslovnim-prostorom-u-novom-sadu\/","url":"https:\/\/galens.rs\/u-potrazi-za-poslovnim-prostorom-u-novom-sadu\/","name":"U potrazi ste za poslovnim prostorom u Novom Sadu? - Galens Invest","isPartOf":{"@id":"https:\/\/galens.rs\/#website"},"primaryImageOfPage":{"@id":"https:\/\/galens.rs\/u-potrazi-za-poslovnim-prostorom-u-novom-sadu\/#primaryimage"},"image":{"@id":"https:\/\/galens.rs\/u-potrazi-za-poslovnim-prostorom-u-novom-sadu\/#primaryimage"},"thumbnailUrl":"https:\/\/galens.rs\/wp-content\/uploads\/2020\/08\/Avenija-Garden-Residence-2-min-2.jpg","datePublished":"2022-07-01T13:58:00+00:00","dateModified":"2022-07-19T07:41:13+00:00","author":{"@id":"https:\/\/galens.rs\/#\/schema\/person\/725f5f9c37c03a9f7a419d616f3d26dc"},"breadcrumb":{"@id":"https:\/\/galens.rs\/u-potrazi-za-poslovnim-prostorom-u-novom-sadu\/#breadcrumb"},"inLanguage":"ru-RU","potentialAction":[{"@type":"ReadAction","target":["https:\/\/galens.rs\/u-potrazi-za-poslovnim-prostorom-u-novom-sadu\/"]}]},{"@type":"ImageObject","inLanguage":"ru-RU","@id":"https:\/\/galens.rs\/u-potrazi-za-poslovnim-prostorom-u-novom-sadu\/#primaryimage","url":"https:\/\/galens.rs\/wp-content\/uploads\/2020\/08\/Avenija-Garden-Residence-2-min-2.jpg","contentUrl":"https:\/\/galens.rs\/wp-content\/uploads\/2020\/08\/Avenija-Garden-Residence-2-min-2.jpg","width":1366,"height":910},{"@type":"BreadcrumbList","@id":"https:\/\/galens.rs\/u-potrazi-za-poslovnim-prostorom-u-novom-sadu\/#breadcrumb","itemListElement":[{"@type":"ListItem","position":1,"name":"\u0414\u043e\u043c","item":"https:\/\/galens.rs\/ru\/"},{"@type":"ListItem","position":2,"name":"U potrazi ste za poslovnim prostorom u Novom Sadu?"}]},{"@type":"WebSite","@id":"https:\/\/galens.rs\/#website","url":"https:\/\/galens.rs\/","name":"Galens Invest","description":"","potentialAction":[{"@type":"SearchAction","target":{"@type":"EntryPoint","urlTemplate":"https:\/\/galens.rs\/?s={search_term_string}"},"query-input":{"@type":"PropertyValueSpecification","valueRequired":true,"valueName":"search_term_string"}}],"inLanguage":"ru-RU"},{"@type":"Person","@id":"https:\/\/galens.rs\/#\/schema\/person\/725f5f9c37c03a9f7a419d616f3d26dc","name":"stefan","url":"https:\/\/galens.rs\/ru\/author\/stefan\/"}]}},"_links":{"self":[{"href":"https:\/\/galens.rs\/ru\/wp-json\/wp\/v2\/posts\/5292","targetHints":{"allow":["GET"]}}],"collection":[{"href":"https:\/\/galens.rs\/ru\/wp-json\/wp\/v2\/posts"}],"about":[{"href":"https:\/\/galens.rs\/ru\/wp-json\/wp\/v2\/types\/post"}],"author":[{"embeddable":true,"href":"https:\/\/galens.rs\/ru\/wp-json\/wp\/v2\/users\/1"}],"replies":[{"embeddable":true,"href":"https:\/\/galens.rs\/ru\/wp-json\/wp\/v2\/comments?post=5292"}],"version-history":[{"count":2,"href":"https:\/\/galens.rs\/ru\/wp-json\/wp\/v2\/posts\/5292\/revisions"}],"predecessor-version":[{"id":5303,"href":"https:\/\/galens.rs\/ru\/wp-json\/wp\/v2\/posts\/5292\/revisions\/5303"}],"wp:featuredmedia":[{"embeddable":true,"href":"https:\/\/galens.rs\/ru\/wp-json\/wp\/v2\/media\/5057"}],"wp:attachment":[{"href":"https:\/\/galens.rs\/ru\/wp-json\/wp\/v2\/media?parent=5292"}],"wp:term":[{"taxonomy":"category","embeddable":true,"href":"https:\/\/galens.rs\/ru\/wp-json\/wp\/v2\/categories?post=5292"},{"taxonomy":"post_tag","embeddable":true,"href":"https:\/\/galens.rs\/ru\/wp-json\/wp\/v2\/tags?post=5292"}],"curies":[{"name":"wp","href":"https:\/\/api.w.org\/{rel}","templated":true}]}}